{"id":5397,"date":"2022-10-07T12:38:52","date_gmt":"2022-10-07T10:38:52","guid":{"rendered":"https:\/\/bicbizkaia.eus\/2022\/10\/07\/quest-biotek-en-el-congreso-internacional-eao-de-ginebra\/"},"modified":"2022-10-07T13:30:27","modified_gmt":"2022-10-07T11:30:27","slug":"quest-biotek-en-el-congreso-internacional-eao-de-ginebra","status":"publish","type":"post","link":"https:\/\/bicbizkaia.eus\/eu\/2022\/10\/07\/quest-biotek-en-el-congreso-internacional-eao-de-ginebra\/","title":{"rendered":"QUEST BIOTEK en el Congreso Internacional EAO de Ginebra"},"content":{"rendered":"<p>La startup de BIC Bizkaia, Quest Biotek, particip\u00f3 la semana pasada en la Feria Internacional, European Association for Osseointegration, para dar a conocer al mercado internacional su sistema de implantes.<br \/>\nSu sistema dual de fijaci\u00f3n, desarrollado en el BIC, gener\u00f3 gran expectaci\u00f3n entre el p\u00fablico asistente, y fueron muchos los contactos realizados de cara a afianzar nuevos clientes.<br \/>\n\u00a1Enhorabuena Equipo!<\/p>\n","protected":false},"excerpt":{"rendered":"<p>La startup de BIC Bizkaia, Quest Biotek, particip\u00f3 la semana pasada en la Feria Internacional, European Association for Osseointegration, para dar a conocer al mercado internacional su sistema de implantes. Su sistema dual de fijaci\u00f3n, desarrollado en el BIC, gener\u00f3<span class=\"excerpt-hellip\"> [\u2026]<\/span><\/p>\n","protected":false},"author":3,"featured_media":5395,"comment_status":"closed","ping_status":"closed","sticky":false,"template":"","format":"standard","meta":{"footnotes":""},"categories":[3],"tags":[],"class_list":["post-5397","post","type-post","status-publish","format-standard","has-post-thumbnail","hentry","category-uncategorized-eu"],"_links":{"self":[{"href":"https:\/\/bicbizkaia.eus\/eu\/wp-json\/wp\/v2\/posts\/5397","targetHints":{"allow":["GET"]}}],"collection":[{"href":"https:\/\/bicbizkaia.eus\/eu\/wp-json\/wp\/v2\/posts"}],"about":[{"href":"https:\/\/bicbizkaia.eus\/eu\/wp-json\/wp\/v2\/types\/post"}],"author":[{"embeddable":true,"href":"https:\/\/bicbizkaia.eus\/eu\/wp-json\/wp\/v2\/users\/3"}],"replies":[{"embeddable":true,"href":"https:\/\/bicbizkaia.eus\/eu\/wp-json\/wp\/v2\/comments?post=5397"}],"version-history":[{"count":2,"href":"https:\/\/bicbizkaia.eus\/eu\/wp-json\/wp\/v2\/posts\/5397\/revisions"}],"predecessor-version":[{"id":5404,"href":"https:\/\/bicbizkaia.eus\/eu\/wp-json\/wp\/v2\/posts\/5397\/revisions\/5404"}],"wp:featuredmedia":[{"embeddable":true,"href":"https:\/\/bicbizkaia.eus\/eu\/wp-json\/wp\/v2\/media\/5395"}],"wp:attachment":[{"href":"https:\/\/bicbizkaia.eus\/eu\/wp-json\/wp\/v2\/media?parent=5397"}],"wp:term":[{"taxonomy":"category","embeddable":true,"href":"https:\/\/bicbizkaia.eus\/eu\/wp-json\/wp\/v2\/categories?post=5397"},{"taxonomy":"post_tag","embeddable":true,"href":"https:\/\/bicbizkaia.eus\/eu\/wp-json\/wp\/v2\/tags?post=5397"}],"curies":[{"name":"wp","href":"https:\/\/api.w.org\/{rel}","templated":true}]}}